{"id":16,"date":"2009-05-11T09:58:50","date_gmt":"2009-05-11T13:58:50","guid":{"rendered":"http:\/\/wordcampmontreal.org\/?p=16"},"modified":"2024-06-20T22:53:36","modified_gmt":"2024-06-21T02:53:36","slug":"new-mailing-list-for-coordination","status":"publish","type":"post","link":"https:\/\/wpmtl.org\/en\/2009\/05\/11\/new-mailing-list-for-coordination\/","title":{"rendered":"New mailing list for coordination"},"content":{"rendered":"<p><a href=\"https:\/\/groups.google.com\/g\/wordcampmtl\">http:\/\/groups.google.com\/group\/wordcampmtl<\/a><\/p>\n<p>More to come soon.<\/p>\n","protected":false},"excerpt":{"rendered":"<p>http:\/\/groups.google.com\/group\/wordcampmtl More to come soon. <a href=\"https:\/\/wpmtl.org\/en\/2009\/05\/11\/new-mailing-list-for-coordination\/\" class=\"more-link\">Continue reading <span class=\"screen-reader-text\">New mailing list for coordination<\/span><\/a><\/p>\n","protected":false},"author":15,"featured_media":0,"comment_status":"open","ping_status":"open","sticky":false,"template":"","format":"standard","meta":{"_jetpack_newsletter_access":"","_jetpack_dont_email_post_to_subs":false,"_jetpack_newsletter_tier_id":0,"_jetpack_memberships_contains_paywalled_content":false,"_jetpack_feature_clip_id":0,"_jetpack_memberships_contains_paid_content":false,"footnotes":"","jetpack_publicize_message":"","jetpack_publicize_feature_enabled":true,"jetpack_social_post_already_shared":true,"jetpack_social_options":{"image_generator_settings":{"template":"highway","default_image_id":0,"font":"","enabled":false},"version":2},"jetpack_post_was_ever_published":false},"categories":[19],"tags":[],"class_list":["post-16","post","type-post","status-publish","format-standard","hentry","category-announcements"],"jetpack_publicize_connections":[],"jetpack_sharing_enabled":true,"jetpack_shortlink":"https:\/\/wp.me\/p9prEZ-g","jetpack_likes_enabled":true,"jetpack-related-posts":[{"id":2854,"url":"https:\/\/wpmtl.org\/en\/2013\/09\/18\/wpteach-comes-to-montreal\/","url_meta":{"origin":16,"position":0},"title":"WPTeach Comes To Montreal","author":"Carl Alexander","date":"18 September, 2013","format":false,"excerpt":"If you are part of the WordPress community in Canada, chances are you\u2019ve either heard of\u2014or are about to hear of\u2014WPTeach. In existence for only two years, WPTeach and its proprietor, Al Davis, has quickly made itself an important hub for all things WP: platform news, tutorials, event announcements, user\u2026","rel":"","context":"In &quot;Announcements&quot;","block_context":{"text":"Announcements","link":"https:\/\/wpmtl.org\/en\/category\/announcements\/"},"img":{"alt_text":"","src":"","width":0,"height":0},"classes":[]},{"id":4166,"url":"https:\/\/wpmtl.org\/2013\/09\/18\/wpteach-comes-to-montreal\/","url_meta":{"origin":16,"position":1},"title":"WPTeach Comes To Montreal","author":"Carl Alexander","date":"18 September, 2013","format":false,"excerpt":"If you are part of the WordPress community in Canada, chances are you\u2019ve either heard of\u2014or are about to hear of\u2014WPTeach. In existence for only two years, WPTeach and its proprietor, Al Davis, has quickly made itself an important hub for all things WP: platform news, tutorials, event announcements, user\u2026","rel":"","context":"In &quot;Annonces&quot;","block_context":{"text":"Annonces","link":"https:\/\/wpmtl.org\/category\/annonces\/"},"img":{"alt_text":"","src":"","width":0,"height":0},"classes":[]},{"id":2730,"url":"https:\/\/wpmtl.org\/en\/2011\/03\/04\/wordcamp-montreal-2011-announcing-date-july-9-10-and-early-bird-ticket-sale\/","url_meta":{"origin":16,"position":2},"title":"WordCamp Montreal 2011 &#8211; Announcing date (July 9-10) and early-bird ticket sale","author":"jeremyclarke","date":"4 March, 2011","format":false,"excerpt":"R\u00e9sum\u00e9 version fran\u00e7aise \u00bb Note: The Montreal WordPress Community has a new site and a new URL. Read the \"About wpmtl.org\" page to learn about the new website structure. After a dynamic first public meeting with and an online survey of the community (check that link to see a summary\u2026","rel":"","context":"In &quot;WordCamp&quot;","block_context":{"text":"WordCamp","link":"https:\/\/wpmtl.org\/en\/category\/events\/wordcamp\/"},"img":{"alt_text":"","src":"","width":0,"height":0},"classes":[]},{"id":4208,"url":"https:\/\/wpmtl.org\/2011\/03\/04\/wordcamp-montreal-2011-announcing-date-july-9-10-and-early-bird-ticket-sale\/","url_meta":{"origin":16,"position":3},"title":"WordCamp Montreal 2011 &#8211; Announcing date (July 9-10) and early-bird ticket sale","author":"jeremyclarke","date":"4 March, 2011","format":false,"excerpt":"R\u00e9sum\u00e9 version fran\u00e7aise \u00bb Note: The Montreal WordPress Community has a new site and a new URL. Read the \"About wpmtl.org\" page to learn about the new website structure. After a dynamic first public meeting with and an online survey of the community (check that link to see a summary\u2026","rel":"","context":"In &quot;WordCamp&quot;","block_context":{"text":"WordCamp","link":"https:\/\/wpmtl.org\/category\/evenements\/wordcamps\/"},"img":{"alt_text":"","src":"","width":0,"height":0},"classes":[]},{"id":1094,"url":"https:\/\/wpmtl.org\/en\/2010\/06\/13\/wordcamp-2010-planned-for-end-of-august\/","url_meta":{"origin":16,"position":4},"title":"WordCamp 2010 planned for end of August","author":"jeremyclarke","date":"13 June, 2010","format":false,"excerpt":"Hi everyone! On Friday night there was a WCMTL planning meeting at the Vanilla offices. Brendan Sera-Sriar, Shannon Smith and I (Jeremy Clarke) attended. For now we will form the core team for this upcoming WordCamp, though we want to include everyone in the process. This site (RSS feed), the\u2026","rel":"","context":"In &quot;WordCamp&quot;","block_context":{"text":"WordCamp","link":"https:\/\/wpmtl.org\/en\/category\/events\/wordcamp\/"},"img":{"alt_text":"","src":"","width":0,"height":0},"classes":[]},{"id":4242,"url":"https:\/\/wpmtl.org\/2010\/06\/13\/wordcamp-2010-planned-for-end-of-august\/","url_meta":{"origin":16,"position":5},"title":"WordCamp 2010 planned for end of August","author":"jeremyclarke","date":"13 June, 2010","format":false,"excerpt":"Hi everyone! On Friday night there was a WCMTL planning meeting at the Vanilla offices. Brendan Sera-Sriar, Shannon Smith and I (Jeremy Clarke) attended. For now we will form the core team for this upcoming WordCamp, though we want to include everyone in the process. This site (RSS feed), the\u2026","rel":"","context":"In &quot;WordCamp&quot;","block_context":{"text":"WordCamp","link":"https:\/\/wpmtl.org\/category\/evenements\/wordcamps\/"},"img":{"alt_text":"","src":"","width":0,"height":0},"classes":[]}],"jetpack_featured_media_url":"","_links":{"self":[{"href":"https:\/\/wpmtl.org\/en\/wp-json\/wp\/v2\/posts\/16","targetHints":{"allow":["GET"]}}],"collection":[{"href":"https:\/\/wpmtl.org\/en\/wp-json\/wp\/v2\/posts"}],"about":[{"href":"https:\/\/wpmtl.org\/en\/wp-json\/wp\/v2\/types\/post"}],"author":[{"embeddable":true,"href":"https:\/\/wpmtl.org\/en\/wp-json\/wp\/v2\/users\/15"}],"replies":[{"embeddable":true,"href":"https:\/\/wpmtl.org\/en\/wp-json\/wp\/v2\/comments?post=16"}],"version-history":[{"count":2,"href":"https:\/\/wpmtl.org\/en\/wp-json\/wp\/v2\/posts\/16\/revisions"}],"predecessor-version":[{"id":8186,"href":"https:\/\/wpmtl.org\/en\/wp-json\/wp\/v2\/posts\/16\/revisions\/8186"}],"wp:attachment":[{"href":"https:\/\/wpmtl.org\/en\/wp-json\/wp\/v2\/media?parent=16"}],"wp:term":[{"taxonomy":"category","embeddable":true,"href":"https:\/\/wpmtl.org\/en\/wp-json\/wp\/v2\/categories?post=16"},{"taxonomy":"post_tag","embeddable":true,"href":"https:\/\/wpmtl.org\/en\/wp-json\/wp\/v2\/tags?post=16"}],"curies":[{"name":"wp","href":"https:\/\/api.w.org\/{rel}","templated":true}]}}