{"id":3218,"date":"2016-03-01T17:26:48","date_gmt":"2016-03-01T22:26:48","guid":{"rendered":"http:\/\/wpmtl.org\/?p=3218"},"modified":"2024-06-20T22:53:05","modified_gmt":"2024-06-21T02:53:05","slug":"wordcamp-2016-planning","status":"publish","type":"post","link":"https:\/\/wpmtl.org\/en\/2016\/03\/01\/wordcamp-2016-planning\/","title":{"rendered":"March 15: WordCamp 2016 Planning Meeting"},"content":{"rendered":"<p><script src=\"https:\/\/guestlistapp.com\/javascripts\/guestlist-embed.js\" async=\"true\" type=\"text\/javascript\">\/\/ <![CDATA[\n\n\/\/ ]]><\/script><\/p>\n<p><i>Fran\u00e7ais ci-dessous.<\/i><\/p>\n<p>The organizers of WordCamp MTL 2015 are meeting up to begin planning for WCMTL 2016, this summer. We invite members of the community who want to be involved to join us to discuss logistics and programming of WCMTL as well as to accept task assignments so that we can start working on this ASAP.<\/p>\n<p>Thanks to all who can make it, for those who can&#8217;t we will publish a summary on the Montreal WordPress Community blog at wpmtl.org.<\/p>\n<p><a class=\"guestlist-event-408234\" href=\"#\"><img data-recalc-dims=\"1\" loading=\"lazy\" decoding=\"async\" style=\"border: 0;\" src=\"https:\/\/i0.wp.com\/guestlist.co\/images\/embed\/register.png?resize=250%2C60&#038;ssl=1\" alt=\"Register for Event\" width=\"250\" height=\"60\" \/><\/a><\/p>\n<h2>Time and Location<\/h2>\n<p><strong>Event<\/strong>:\u00a0WordCamp 2016 planning meeting<br \/>\n<strong>Date<\/strong>: Tuesday, March 15, 2016<br \/>\n<strong>Time<\/strong>: 7:00-9:00 pm<br \/>\n<strong>Venue<\/strong>:<\/p>\n<p><a href=\"https:\/\/maps.google.com\/maps?q=420+Rue+Guy+Montr%C3%A9al,+QC+H3J+2L2,+Canada&amp;hl=en&amp;ie=UTF8&amp;ll=45.491344,-73.569099&amp;spn=0.00634,0.009645&amp;sll=45.489714,-73.566488&amp;sspn=0.010409,0.016179&amp;hnear=420+Guy+St,+Montreal,+Communaut%C3%A9-Urbaine-de-Montr%C3%A9al,+Quebec+H3J+2L2,+Canada&amp;view=map&amp;t=m&amp;z=17\">Centre cloud.ca (formerly RPM)<\/a><br \/>\n420 Guy St.<br \/>\nMontreal, QC <span class=\"font_22white\">H3J 1S6<br \/>\n<\/span>M\u00e9tro: Gare Lucien-L\u2019Allier<\/p>\n<p><em>If you want to be invited to future events please sign up for our <a title=\"Mailing List\" href=\"https:\/\/wpmtl.org\/contact\/liste-denvoi\/\">email newsletter<\/a>.<\/em><\/p>\n<p><!--more--><\/p>\n<h1>R\u00e9union de planification pour WordCamp 2016<\/h1>\n<p>Les organisateurs de WordCamp Montr\u00e9al 2015 vont se r\u00e9unir pour commencer la planification de WordCamp Montr\u00e9al 2016, qui aura lieu cet \u00e9t\u00e9. Tous les membres de la communaut\u00e9 qui veulent y participer sont invit\u00e9s \u00e0 nous joindre pour discuter des logistiques de WCMTL, ainsi que d&#8217;accepter des taches pour que nous puissions commencer \u00e0 travailler l\u00e0-dessus tout de suite.<\/p>\n<p>Merci \u00e0 tous qui pourront y assister. Pour les autres nous publierons un r\u00e9sum\u00e9 de la r\u00e9union sur le blogue de la communaut\u00e9 \u00e0 wpmtl.org.<\/p>\n<p><a class=\"guestlist-event-408234\" href=\"#\"><img data-recalc-dims=\"1\" loading=\"lazy\" decoding=\"async\" style=\"border: 0;\" src=\"https:\/\/i0.wp.com\/guestlist.co\/images\/embed\/register.png?resize=250%2C60&#038;ssl=1\" alt=\"Register for Event\" width=\"250\" height=\"60\" \/><\/a><br \/>\n<!--<a class=\"guestlist-event-408234\" style=\"guestlist-embed-button guestlist-embed-button--medium guestlist-embed-button--blue\" href=\"https:\/\/guestlist.co\/events\/408234\">R\u00e9servez votre place<\/a>--><\/p>\n<h2>Date et lieu<\/h2>\n<p><strong>\u00c9v\u00e9nement : <\/strong>R\u00e9union de plannification pour WordCamp 2016<br \/>\n<strong>Date :<\/strong> mardi le 15 mars 2016<br \/>\n<strong>Heure :<\/strong> 19 h \u00e0 21 h<br \/>\n<strong>Lieu :<\/strong><\/p>\n<p><a href=\"https:\/\/maps.google.com\/maps?q=420+Rue+Guy+Montr%C3%A9al,+QC+H3J+2L2,+Canada&amp;hl=en&amp;ie=UTF8&amp;ll=45.491344,-73.569099&amp;spn=0.00634,0.009645&amp;sll=45.489714,-73.566488&amp;sspn=0.010409,0.016179&amp;hnear=420+Guy+St,+Montreal,+Communaut%C3%A9-Urbaine-de-Montr%C3%A9al,+Quebec+H3J+2L2,+Canada&amp;view=map&amp;t=m&amp;z=17\">Centre cloud.ca (anciennement RPM)<\/a><br \/>\n420, rue Guy<br \/>\nMontr\u00e9al, QC H3J 1S6<br \/>\nM\u00e9tro: Gare Lucien-L\u2019Allier<\/p>\n<p>Si vous souhaitez recevoir des invitations \u00e0 nos \u00e9v\u00e9nements, <a href=\"https:\/\/wpmtl.org\/contact\/liste-denvoi\/\">inscrivez-vous \u00e0 notre infolettre.<\/a><\/p>\n","protected":false},"excerpt":{"rendered":"<p>Fran\u00e7ais ci-dessous. The organizers of WordCamp MTL 2015 are meeting up to begin planning for WCMTL 2016, this summer. We invite members of the community who want to be involved to join us to discuss logistics and programming of WCMTL as well as to accept task assignments so that we can start working on this ASAP. Thanks to all who can make it, for those &hellip; <a href=\"https:\/\/wpmtl.org\/en\/2016\/03\/01\/wordcamp-2016-planning\/\" class=\"more-link\">Continue reading <span class=\"screen-reader-text\">March 15: WordCamp 2016 Planning Meeting<\/span><\/a><\/p>\n","protected":false},"author":17,"featured_media":0,"comment_status":"open","ping_status":"open","sticky":false,"template":"","format":"standard","meta":{"jetpack_post_was_ever_published":false,"_jetpack_newsletter_access":"","_jetpack_dont_email_post_to_subs":false,"_jetpack_newsletter_tier_id":0,"_jetpack_memberships_contains_paywalled_content":false,"_jetpack_memberships_contains_paid_content":false,"footnotes":"","jetpack_publicize_message":"","jetpack_publicize_feature_enabled":true,"jetpack_social_post_already_shared":true,"jetpack_social_options":{"image_generator_settings":{"template":"highway","default_image_id":0,"font":"","enabled":false},"version":2}},"categories":[23],"tags":[16,57],"class_list":["post-3218","post","type-post","status-publish","format-standard","hentry","category-wordcamp","tag-wordcamp","tag-wordcamp-planning"],"jetpack_publicize_connections":[],"jetpack_featured_media_url":"","jetpack_sharing_enabled":true,"jetpack_shortlink":"https:\/\/wp.me\/p9prEZ-PU","jetpack_likes_enabled":true,"jetpack-related-posts":[{"id":4122,"url":"https:\/\/wpmtl.org\/2016\/03\/01\/wordcamp-2016-planning\/","url_meta":{"origin":3218,"position":0},"title":"March 15: WordCamp 2016 Planning Meeting","author":"Carl Alexander","date":"1 March, 2016","format":false,"excerpt":"Fran\u00e7ais ci-dessous. The organizers of WordCamp MTL 2015 are meeting up to begin planning for WCMTL 2016, this summer. We invite members of the community who want to be involved to join us to discuss logistics and programming of WCMTL as well as to accept task assignments so that we\u2026","rel":"","context":"In &quot;WordCamp&quot;","block_context":{"text":"WordCamp","link":"https:\/\/wpmtl.org\/category\/evenements\/wordcamps\/"},"img":{"alt_text":"Register for Event","src":"https:\/\/i0.wp.com\/guestlist.co\/images\/embed\/register.png?resize=350%2C200&ssl=1","width":350,"height":200},"classes":[]},{"id":2767,"url":"https:\/\/wpmtl.org\/en\/2012\/02\/09\/wordcamp-planning-meeting-reunion-de-planification-pour-wordcamp\/","url_meta":{"origin":3218,"position":1},"title":"WordCamp Planning Meeting &#8211; R\u00e9union de planification pour WordCamp","author":"Carl Alexander","date":"9 February, 2012","format":false,"excerpt":"The organizers of WordCamp MTL 2011 are meeting up to begin planning for WCMTL 2012, this summer. We invite members of the community who want to be involved to join us to discuss logistics and programming of WCMTL as well as to accept task assignments so that we can start\u2026","rel":"","context":"In &quot;WordCamp&quot;","block_context":{"text":"WordCamp","link":"https:\/\/wpmtl.org\/en\/category\/events\/wordcamp\/"},"img":{"alt_text":"","src":"","width":0,"height":0},"classes":[]},{"id":4201,"url":"https:\/\/wpmtl.org\/2012\/02\/09\/wordcamp-planning-meeting-reunion-de-planification-pour-wordcamp\/","url_meta":{"origin":3218,"position":2},"title":"WordCamp Planning Meeting &#8211; R\u00e9union de planification pour WordCamp","author":"Carl Alexander","date":"9 February, 2012","format":false,"excerpt":"The organizers of WordCamp MTL 2011 are meeting up to begin planning for WCMTL 2012, this summer. We invite members of the community who want to be involved to join us to discuss logistics and programming of WCMTL as well as to accept task assignments so that we can start\u2026","rel":"","context":"In &quot;WordCamp&quot;","block_context":{"text":"WordCamp","link":"https:\/\/wpmtl.org\/category\/evenements\/wordcamps\/"},"img":{"alt_text":"","src":"","width":0,"height":0},"classes":[]},{"id":2870,"url":"https:\/\/wpmtl.org\/en\/2014\/01\/23\/wordcamp-2014-planning-meeting\/","url_meta":{"origin":3218,"position":3},"title":"WordCamp 2014 Planning Meeting","author":"Carl Alexander","date":"23 January, 2014","format":false,"excerpt":"The organizers of WordCamp MTL 2013 are meeting up to begin planning for WCMTL 2014, this summer. We invite members of the community who want to be involved to join us to discuss logistics and programming of WCMTL as well as to accept task assignments so that we can start\u2026","rel":"","context":"In &quot;WordCamp&quot;","block_context":{"text":"WordCamp","link":"https:\/\/wpmtl.org\/en\/category\/events\/wordcamp\/"},"img":{"alt_text":"","src":"","width":0,"height":0},"classes":[]},{"id":4163,"url":"https:\/\/wpmtl.org\/2014\/01\/23\/wordcamp-2014-planning-meeting\/","url_meta":{"origin":3218,"position":4},"title":"WordCamp 2014 Planning Meeting","author":"Carl Alexander","date":"23 January, 2014","format":false,"excerpt":"The organizers of WordCamp MTL 2013 are meeting up to begin planning for WCMTL 2014, this summer. We invite members of the community who want to be involved to join us to discuss logistics and programming of WCMTL as well as to accept task assignments so that we can start\u2026","rel":"","context":"In &quot;WordCamp&quot;","block_context":{"text":"WordCamp","link":"https:\/\/wpmtl.org\/category\/evenements\/wordcamps\/"},"img":{"alt_text":"","src":"","width":0,"height":0},"classes":[]},{"id":2801,"url":"https:\/\/wpmtl.org\/en\/2013\/01\/14\/wordcamp-2013-planning-meeting-reunion-de-planification-pour-wordcamp-2013\/","url_meta":{"origin":3218,"position":5},"title":"WordCamp 2013 Planning Meeting &#8211; R\u00e9union de planification pour WordCamp 2013","author":"Carl Alexander","date":"14 January, 2013","format":false,"excerpt":"The organizers of WordCamp MTL 2012 are meeting up to begin planning for WCMTL 2013, this summer. We invite members of the community who want to be involved to join us to discuss logistics and programming of WCMTL as well as to accept task assignments so that we can start\u2026","rel":"","context":"In &quot;WordCamp&quot;","block_context":{"text":"WordCamp","link":"https:\/\/wpmtl.org\/en\/category\/events\/wordcamp\/"},"img":{"alt_text":"","src":"","width":0,"height":0},"classes":[]}],"_links":{"self":[{"href":"https:\/\/wpmtl.org\/en\/wp-json\/wp\/v2\/posts\/3218","targetHints":{"allow":["GET"]}}],"collection":[{"href":"https:\/\/wpmtl.org\/en\/wp-json\/wp\/v2\/posts"}],"about":[{"href":"https:\/\/wpmtl.org\/en\/wp-json\/wp\/v2\/types\/post"}],"author":[{"embeddable":true,"href":"https:\/\/wpmtl.org\/en\/wp-json\/wp\/v2\/users\/17"}],"replies":[{"embeddable":true,"href":"https:\/\/wpmtl.org\/en\/wp-json\/wp\/v2\/comments?post=3218"}],"version-history":[{"count":5,"href":"https:\/\/wpmtl.org\/en\/wp-json\/wp\/v2\/posts\/3218\/revisions"}],"predecessor-version":[{"id":8086,"href":"https:\/\/wpmtl.org\/en\/wp-json\/wp\/v2\/posts\/3218\/revisions\/8086"}],"wp:attachment":[{"href":"https:\/\/wpmtl.org\/en\/wp-json\/wp\/v2\/media?parent=3218"}],"wp:term":[{"taxonomy":"category","embeddable":true,"href":"https:\/\/wpmtl.org\/en\/wp-json\/wp\/v2\/categories?post=3218"},{"taxonomy":"post_tag","embeddable":true,"href":"https:\/\/wpmtl.org\/en\/wp-json\/wp\/v2\/tags?post=3218"}],"curies":[{"name":"wp","href":"https:\/\/api.w.org\/{rel}","templated":true}]}}