{"id":3253,"date":"2016-03-19T11:55:34","date_gmt":"2016-03-19T15:55:34","guid":{"rendered":"http:\/\/wpmtl.org\/?p=3253"},"modified":"2017-11-23T17:15:31","modified_gmt":"2017-11-23T22:15:31","slug":"wordcamp-2016-planning-meeting-notes","status":"publish","type":"post","link":"https:\/\/wpmtl.org\/en\/2016\/03\/19\/wordcamp-2016-planning-meeting-notes\/","title":{"rendered":"Notes from WordCamp 2016 community planning meeting"},"content":{"rendered":"<p><em>Fran\u00e7ais ci-dessous<\/em><\/p>\n<h2>Agenda<\/h2>\n<ol>\n<li>Introductions<\/li>\n<li>Feedback from WCMTL 2015<\/li>\n<li>Plans for WCMTL 2016<\/li>\n<li>Proposed WCMTL 2016 budget<\/li>\n<li>Ticket price and sales<\/li>\n<li>Workshop week<\/li>\n<\/ol>\n<h2>Introduction<\/h2>\n<p>Everyone present introduced themselves and shared a little about themselves and their experiences with WordPress and at WordCamps. 11 people were in attendance.<\/p>\n<h2>Feedback from WCMTL 2015<\/h2>\n<p>Feedback was solicited on WCMTL 2015; what worked well, what didn&#8217;t work well and what could be improved this year:<\/p>\n<ul>\n<li>Concordia was preferred as a venue and the big lobby was especially liked. The classroom on the upper floor was viewed as being too far from the rest of the conference, somewhat inaccessible and too small a room to accommodate some of the talks.<\/li>\n<\/ul>\n<p><strong>Followup:<\/strong> The venue for WCMTL 2016 will have 2 rooms capable of accommodating 150 each, and a larger amphitheatre of up to 300 people. The footprint of WCMTL 2016 will be more condensed than previous years, with everything closer together.<\/p>\n<ul>\n<li>The food was deemed to be &#8216;great&#8217; as always.<\/li>\n<\/ul>\n<p><strong>Followup:<\/strong> Concordia&#8217;s caterers will be used again this year.<\/p>\n<h2>Plans for WCMTL 2016<\/h2>\n<p>The John Molson building at Concordia is the proposed venue for WCMTL 2016 and contract negotiations are underway. The proposed date is July 23 &#8211; 24.<\/p>\n<h2>Proposed WCMTL 2016 budget<\/h2>\n<p>The proposed budget for WCMTL 2016 was shared and a discussion had over the various options. The &#8216;framework&#8217; of WordCamp Central and global sponsors was explained, as the emphasis this year on finding more local sponsors. The individual components of the budget were walked through and elaborated on as necessary. Everyone present was in general agreement with raising the price to $50, suggesting it to be very good value for money, and it was proposed that 100 early-bird tickets be made available at $40 to encourage early sales and still keep it affordable.<\/p>\n<p><strong>Followup:<\/strong> A stronger emphasis will be put on advertising WCMTL 2016 with a view to increasing ticket sales by 50 to 450 people. Suggestions for local sponsors will be continually sought and the suggestion of early-bird tickets will likely be adopted.<\/p>\n<h2>Ticket price and sales<\/h2>\n<p>A discussion was had on how to boost ticket sales and reach new demographics. Suggestions included:<\/p>\n<ul>\n<li>trying to get the event included on businesses training lists<\/li>\n<li>sending a mailout to Montreal based agencies and companies doing web design to try to reach their staff<\/li>\n<li>paying for Facebook ads<\/li>\n<li>designing and distributing a printable flyer for company staff rooms<\/li>\n<li>creating an infographic to share on social media<\/li>\n<\/ul>\n<p><strong>Followup:<\/strong> Options for disseminating information about WCMTL 2016 will be investigated, as will the possibility of adding an advertising budget for Facebook ads or the like. A &#8216;print out&#8217; will likely be designed along with the usual printable materials.<\/p>\n<h2>Workshop Week<\/h2>\n<p>It was agreed that the hands-on workshops were generally well received by those who attended, but that the ~50% no-show rate was high. Options were explored for holding the workshops at a different time of year, but it was agreed that the couple of weeks before WordCamp were the most optimal for organizers, facilitators and attendees. A discussion was had on how to encourage better attendance, including raising ticket prices, having a 2 tier ticket system, offering an incentive to those who attended.<\/p>\n<table style=\"width: 100%;\">\n<tbody>\n<tr>\n<td>Topic<\/td>\n<td>WordPress for Beginners<\/td>\n<td>Discover the World of OOP<\/td>\n<td>Intro to WordPress Theme Building<\/td>\n<td>Develop your First WordPress Plugin<\/td>\n<td>Let\u2019s Install Vagrant<\/td>\n<\/tr>\n<tr>\n<td>Enrollment<\/td>\n<td>23 (sold out)<\/td>\n<td>28<\/td>\n<td>35 (sold out)<\/td>\n<td>26<\/td>\n<td>35 (sold out)<\/td>\n<\/tr>\n<tr>\n<td>Attended<\/td>\n<td>13<\/td>\n<td>15<\/td>\n<td>14<\/td>\n<td>16<\/td>\n<td>12<\/td>\n<\/tr>\n<tr>\n<td>Turnout<\/td>\n<td>56.52%<\/td>\n<td>53.57%<\/td>\n<td>40.00%<\/td>\n<td>61.54%<\/td>\n<td>34.29%<\/td>\n<\/tr>\n<\/tbody>\n<\/table>\n<p><strong>Followup:<\/strong> The consensus seemed to be to keep to a single ticket price that includes the workshops, as was done last year, and to focus on reducing no-shows. A higher &#8216;cap&#8217; could be placed on workshops to account for the larger number of no-shows and a waiting list could be kept in case spaces open up.<\/p>\n<hr \/>\n<p>&nbsp;<\/p>\n<h1>Notes de la r\u00e9union communautaire de planification de WordCamp 2016<\/h1>\n<h2 class=\"p1\"><\/h2>\n<h2 class=\"p1\">Ordre du jour<\/h2>\n<ol>\n<li>Pr\u00e9sentations<\/li>\n<li>Commentaires sur WCMTL 2015<\/li>\n<li>Plans pour WCMTL 2016<\/li>\n<li>Projet de budget pour 2016 WCMTL<\/li>\n<li>Le prix des billets et ventes<\/li>\n<li>Semaine d\u2019ateliers<\/li>\n<\/ol>\n<h2 class=\"p1\">Pr\u00e9sentations<\/h2>\n<p class=\"p1\">Toutes les personnes pr\u00e9sentes se sont pr\u00e9sent\u00e9s au groupe et ont partag\u00e9s un peu d\u2019information sur eux-m\u00eames et sur leurs exp\u00e9riences avec WordPress et avec les WordCamps. Onze personnes \u00e9taient pr\u00e9sentes.<\/p>\n<h2 class=\"p1\">Les commentaires de WCMTL 2015<\/h2>\n<p class=\"p1\">Des commentaires ont \u00e9t\u00e9 sollicit\u00e9s \u00e0 propos de WCMTL 2015 : ce qui a bien fonctionn\u00e9, ce qui n&#8217;a pas bien fonctionn\u00e9 et ce qui pourrait \u00eatre am\u00e9lior\u00e9 cette ann\u00e9e.<\/p>\n<p class=\"p1\" style=\"padding-left: 30px;\"><span class=\"s1\">\u25aa<\/span> Concordia a \u00e9t\u00e9 pr\u00e9f\u00e9r\u00e9 comme lieu et le grand hall d&#8217;accueil a \u00e9t\u00e9 particuli\u00e8rement appr\u00e9ci\u00e9. La salle de classe \u00e0 l&#8217;\u00e9tage sup\u00e9rieure a \u00e9t\u00e9 consid\u00e9r\u00e9e comme \u00e9tant trop loin du reste de la conf\u00e9rence, un peu inaccessible et trop petite pour accueillir certaines pr\u00e9sentations.<\/p>\n<p class=\"p1\"><b>Suivi :<\/b> Le lieu de WCMTL 2016 aura deux pi\u00e8ces\u00a0pouvant accueillir 150 chacune, et un plus grand amphith\u00e9\u00e2tre pouvant accueillir jusqu&#8217;\u00e0 300 personnes. L\u2019empreinte de WCMTL 2016 sera plus condens\u00e9e que les ann\u00e9es pr\u00e9c\u00e9dentes, puisque les pi\u00e8ces seront proches les unes des autres.<\/p>\n<p class=\"p1\" style=\"padding-left: 30px;\"><span class=\"s1\">\u25aa<\/span> Les repas ont \u00e9t\u00e9 consid\u00e9r\u00e9s comme \u00ab super \u00bb, comme toujours.<\/p>\n<p class=\"p1\"><strong>Suivi :<\/strong> Les traiteurs de Concordia seront utilis\u00e9s \u00e0 nouveau cette ann\u00e9e.<\/p>\n<h2 class=\"p1\">Plans pour WCMTL 2016<\/h2>\n<p class=\"p1\">Le b\u00e2timent John Molson de l&#8217;Universit\u00e9 Concordia (JMSB) est le lieu propos\u00e9 pour WCMTL 2016 et les n\u00e9gociations contractuelles sont en cours. La date propos\u00e9e est le 23-24 Juillet.<\/p>\n<h2 class=\"p1\">Projet de budget de WCMTL<span class=\"Apple-converted-space\">\u00a0 <\/span>2016<\/h2>\n<p class=\"p1\">Le budget propos\u00e9 pour WCMTL 2016 a \u00e9t\u00e9 pr\u00e9sent\u00e9\u00a0et une discussion concernant les diff\u00e9rentes options a eu lieu. Le \u00ab cadre \u00bb de WordCamp Central et des commanditaires mondiaux a \u00e9t\u00e9 expliqu\u00e9, puisque l&#8217;accent cette ann\u00e9e est sur la recherche de commanditaires locaux. Les parties individuelles du budget ont \u00e9t\u00e9 expliqu\u00e9es et \u00e9labor\u00e9es lorsque n\u00e9cessaire. Tout le monde pr\u00e9sent \u00e9tait g\u00e9n\u00e9ralement d&#8217;accord avec l&#8217;augmentation du prix \u00e0 50$, ce qui sugg\u00e8re qu\u2019on y retrouve un tr\u00e8s bon rapport qualit\u00e9 prix, et il a \u00e9t\u00e9 propos\u00e9 que 100 billets l\u00e8ve-t\u00f4t soient disponibles \u00e0 40 $ pour encourager les premi\u00e8res ventes et pour garder la conf\u00e9rence abordable.<\/p>\n<p class=\"p1\"><strong>Suivi :<\/strong> Un accent plus fort sera mis sur la publicit\u00e9 pour WCMTL 2016 en vue d&#8217;accro\u00eetre les ventes de billets de 50 pour un nombre final de 450 personnes. La recherche de suggestions pour des commanditaires locaux continuera et la suggestion de billets l\u00e8ve-t\u00f4t sera probablement adopt\u00e9e.<\/p>\n<h2 class=\"p1\">Le prix des billets et des ventes<\/h2>\n<p class=\"p1\">Une discussion a eu lieu sur la fa\u00e7on de stimuler les ventes de billets et d&#8217;atteindre de nouveaux groupes. Les suggestions incluent :<\/p>\n<ul>\n<li class=\"p1\">essayer de faire inclure la conf\u00e9rence sur la liste de formation des entreprises ;<\/li>\n<li class=\"p1\">un envoi postal aux agences et soci\u00e9t\u00e9s bas\u00e9es \u00e0 Montr\u00e9al qui font de la conception de sites Web pour essayer d&#8217;atteindre leur personnel ;<\/li>\n<li class=\"p1\">les annonces pay\u00e9es sur Facebook ;<\/li>\n<li class=\"p1\">la conception et la distribution d&#8217;un d\u00e9pliant imprimable pour les salles de d\u00e9tente et les espaces communs des entreprises ;<\/li>\n<li class=\"p1\">cr\u00e9er une infographie \u00e0 partager sur les m\u00e9dias sociaux.<\/li>\n<\/ul>\n<p class=\"p1\"><strong>Suivi<\/strong> : Les options pour la diffusion d&#8217;informations sur WCMTL 2016 seront examin\u00e9es, de m\u00eame que la possibilit\u00e9 d&#8217;ajouter un budget de publicit\u00e9 pour les annonces Facebook ou similaires. Un pamphlet imprimable sera probablement con\u00e7u avec les mat\u00e9riaux imprimables habituels.<\/p>\n<h2 class=\"p1\">Semaine d\u2019atelier<\/h2>\n<p class=\"p1\">Il a \u00e9t\u00e9 convenu que les ateliers pratiques ont \u00e9t\u00e9 g\u00e9n\u00e9ralement bien accueillies par ceux qui ont assist\u00e9, mais que le taux ~ 50% d\u2019absent\u00e9isme \u00e9tait \u00e9lev\u00e9. Les options ont \u00e9t\u00e9 explor\u00e9es pour la tenue des ateliers \u00e0 un autre moment de l&#8217;ann\u00e9e, mais il a \u00e9t\u00e9 convenu que les quelques semaines avant WordCamp ont \u00e9t\u00e9 les plus optimales pour les organisateurs, les animateurs et les participants. Une discussion a eu lieu sur la fa\u00e7on d&#8217;encourager une meilleure participation, y compris l&#8217;augmentation des prix des billets, ayant un syst\u00e8me de billet \u00e0 deux vitesse, offrant une incitation \u00e0 ceux qui ont assist\u00e9.<\/p>\n<table style=\"width: 671px; height: 245px;\">\n<tbody>\n<tr>\n<td>Sujet<\/td>\n<td>WordPress for Beginners<\/td>\n<td>Discover the World of OOP<\/td>\n<td>Intro to WordPress Theme Building<\/td>\n<td>Develop your First WordPress Plugin<\/td>\n<td>Let\u2019s Install Vagrant<\/td>\n<\/tr>\n<tr>\n<td>Inscriptions<\/td>\n<td>23 (complet)<\/td>\n<td>28<\/td>\n<td>35 (complet)<\/td>\n<td>26<\/td>\n<td>35 (complet)<\/td>\n<\/tr>\n<tr>\n<td>Pr\u00e9sents<\/td>\n<td>13<\/td>\n<td>15<\/td>\n<td>14<\/td>\n<td>16<\/td>\n<td>12<\/td>\n<\/tr>\n<tr>\n<td>Participation<\/td>\n<td>56.52%<\/td>\n<td>53.57%<\/td>\n<td>40.00%<\/td>\n<td>61.54%<\/td>\n<td>34.29%<\/td>\n<\/tr>\n<\/tbody>\n<\/table>\n<p class=\"p1\"><strong>Suivi :<\/strong> Le consensus semble \u00eatre de maintenir le prix du billet unique qui comprend les ateliers, comme l&#8217;ann\u00e9e derni\u00e8re et de se concentrer sur la r\u00e9duction de l\u2019absent\u00e9isme. Un \u00ab plafond \u00bb plus \u00e9lev\u00e9 pourrait \u00eatre plac\u00e9 sur des ateliers pour tenir compte du plus grand nombre de non-pr\u00e9sentation et une liste d&#8217;attente pourrait \u00eatre maintenue dans le cas o\u00f9 les espaces s\u2019ouvrent.<\/p>\n","protected":false},"excerpt":{"rendered":"<p>Fran\u00e7ais ci-dessous Agenda Introductions Feedback from WCMTL 2015 Plans for WCMTL 2016 Proposed WCMTL 2016 budget Ticket price and sales Workshop week Introduction Everyone present introduced themselves and shared a little about themselves and their experiences with WordPress and at WordCamps. 11 people were in attendance. Feedback from WCMTL 2015 Feedback was solicited on WCMTL 2015; what worked well, what didn&#8217;t work well and what &hellip; <a href=\"https:\/\/wpmtl.org\/en\/2016\/03\/19\/wordcamp-2016-planning-meeting-notes\/\" class=\"more-link\">Continue reading <span class=\"screen-reader-text\">Notes from WordCamp 2016 community planning meeting<\/span><\/a><\/p>\n","protected":false},"author":19,"featured_media":0,"comment_status":"open","ping_status":"open","sticky":false,"template":"","format":"standard","meta":{"jetpack_post_was_ever_published":false,"_jetpack_newsletter_access":"","_jetpack_dont_email_post_to_subs":false,"_jetpack_newsletter_tier_id":0,"_jetpack_memberships_contains_paywalled_content":false,"_jetpack_memberships_contains_paid_content":false,"footnotes":"","jetpack_publicize_message":"","jetpack_publicize_feature_enabled":true,"jetpack_social_post_already_shared":true,"jetpack_social_options":{"image_generator_settings":{"template":"highway","default_image_id":0,"font":"","enabled":false},"version":2}},"categories":[23],"tags":[],"class_list":["post-3253","post","type-post","status-publish","format-standard","hentry","category-wordcamp"],"jetpack_publicize_connections":[],"jetpack_featured_media_url":"","jetpack_sharing_enabled":true,"jetpack_shortlink":"https:\/\/wp.me\/p9prEZ-Qt","jetpack_likes_enabled":true,"jetpack-related-posts":[{"id":4120,"url":"https:\/\/wpmtl.org\/2016\/03\/19\/wordcamp-2016-planning-meeting-notes\/","url_meta":{"origin":3253,"position":0},"title":"Notes from WordCamp 2016 community planning meeting","author":"Alex Ruaux","date":"19 March, 2016","format":false,"excerpt":"Fran\u00e7ais ci-dessous Agenda Introductions Feedback from WCMTL 2015 Plans for WCMTL 2016 Proposed WCMTL 2016 budget Ticket price and sales Workshop week Introduction Everyone present introduced themselves and shared a little about themselves and their experiences with WordPress and at WordCamps. 11 people were in attendance. Feedback from WCMTL 2015\u2026","rel":"","context":"In &quot;WordCamp&quot;","block_context":{"text":"WordCamp","link":"https:\/\/wpmtl.org\/category\/evenements\/wordcamps\/"},"img":{"alt_text":"","src":"","width":0,"height":0},"classes":[]},{"id":2769,"url":"https:\/\/wpmtl.org\/en\/2012\/03\/06\/wordcamp-2012-planning-meeting-notes\/","url_meta":{"origin":3253,"position":1},"title":"WordCamp 2012 Planning Meeting Notes","author":"jeremyclarke","date":"6 March, 2012","format":false,"excerpt":"Hello Montreal WordPress Community! A scene of organizational bliss from WordCamp Montreal 2011 by Elida Arrizza. On Thursday Feb 16 we had a public meeting to discuss logistics for WordCamp Montreal 2012 with the community. We went over as many issues as possible, considering questions as a group and hearing\u2026","rel":"","context":"In &quot;WordCamp&quot;","block_context":{"text":"WordCamp","link":"https:\/\/wpmtl.org\/en\/category\/events\/wordcamp\/"},"img":{"alt_text":"bottles at wordcamp 2011 by elida arrizza","src":"https:\/\/i0.wp.com\/wpmtl.org\/wp-content\/uploads\/2012\/03\/elidr-wordcamp-bottles-1024x385.jpg?resize=350%2C200&ssl=1","width":350,"height":200,"srcset":"https:\/\/i0.wp.com\/wpmtl.org\/wp-content\/uploads\/2012\/03\/elidr-wordcamp-bottles-1024x385.jpg?resize=350%2C200&ssl=1 1x, https:\/\/i0.wp.com\/wpmtl.org\/wp-content\/uploads\/2012\/03\/elidr-wordcamp-bottles-1024x385.jpg?resize=525%2C300&ssl=1 1.5x"},"classes":[]},{"id":4200,"url":"https:\/\/wpmtl.org\/2012\/03\/06\/wordcamp-2012-planning-meeting-notes\/","url_meta":{"origin":3253,"position":2},"title":"WordCamp 2012 Planning Meeting Notes","author":"jeremyclarke","date":"6 March, 2012","format":false,"excerpt":"Hello Montreal WordPress Community! A scene of organizational bliss from WordCamp Montreal 2011 by Elida Arrizza. On Thursday Feb 16 we had a public meeting to discuss logistics for WordCamp Montreal 2012 with the community. We went over as many issues as possible, considering questions as a group and hearing\u2026","rel":"","context":"In &quot;WordCamp&quot;","block_context":{"text":"WordCamp","link":"https:\/\/wpmtl.org\/category\/evenements\/wordcamps\/"},"img":{"alt_text":"bottles at wordcamp 2011 by elida arrizza","src":"https:\/\/i0.wp.com\/wpmtl.org\/wp-content\/uploads\/2012\/03\/elidr-wordcamp-bottles-1024x385.jpg?resize=350%2C200&ssl=1","width":350,"height":200,"srcset":"https:\/\/i0.wp.com\/wpmtl.org\/wp-content\/uploads\/2012\/03\/elidr-wordcamp-bottles-1024x385.jpg?resize=350%2C200&ssl=1 1x, https:\/\/i0.wp.com\/wpmtl.org\/wp-content\/uploads\/2012\/03\/elidr-wordcamp-bottles-1024x385.jpg?resize=525%2C300&ssl=1 1.5x"},"classes":[]},{"id":3218,"url":"https:\/\/wpmtl.org\/en\/2016\/03\/01\/wordcamp-2016-planning\/","url_meta":{"origin":3253,"position":3},"title":"March 15: WordCamp 2016 Planning Meeting","author":"Carl Alexander","date":"1 March, 2016","format":false,"excerpt":"Fran\u00e7ais ci-dessous. The organizers of WordCamp MTL 2015 are meeting up to begin planning for WCMTL 2016, this summer. We invite members of the community who want to be involved to join us to discuss logistics and programming of WCMTL as well as to accept task assignments so that we\u2026","rel":"","context":"In &quot;WordCamp&quot;","block_context":{"text":"WordCamp","link":"https:\/\/wpmtl.org\/en\/category\/events\/wordcamp\/"},"img":{"alt_text":"Register for Event","src":"https:\/\/i0.wp.com\/guestlist.co\/images\/embed\/register.png?resize=350%2C200&ssl=1","width":350,"height":200},"classes":[]},{"id":4122,"url":"https:\/\/wpmtl.org\/2016\/03\/01\/wordcamp-2016-planning\/","url_meta":{"origin":3253,"position":4},"title":"March 15: WordCamp 2016 Planning Meeting","author":"Carl Alexander","date":"1 March, 2016","format":false,"excerpt":"Fran\u00e7ais ci-dessous. The organizers of WordCamp MTL 2015 are meeting up to begin planning for WCMTL 2016, this summer. We invite members of the community who want to be involved to join us to discuss logistics and programming of WCMTL as well as to accept task assignments so that we\u2026","rel":"","context":"In &quot;WordCamp&quot;","block_context":{"text":"WordCamp","link":"https:\/\/wpmtl.org\/category\/evenements\/wordcamps\/"},"img":{"alt_text":"Register for Event","src":"https:\/\/i0.wp.com\/guestlist.co\/images\/embed\/register.png?resize=350%2C200&ssl=1","width":350,"height":200},"classes":[]},{"id":2811,"url":"https:\/\/wpmtl.org\/en\/2013\/01\/29\/wordcamp-montreal-2013-planning-meeting\/","url_meta":{"origin":3253,"position":5},"title":"WordCamp Montreal 2013 planning meeting","author":"jeremyclarke","date":"29 January, 2013","format":false,"excerpt":"** Version fran\u00e7aise plus bas The evening of January 23, members of the local WordPress community held an open meeting to discuss this year\u2019s upcoming WordCamp. We talked about what went well last year, what could be improved, and what challenges we expect to have along the way. Special thanks\u2026","rel":"","context":"In &quot;WordCamp&quot;","block_context":{"text":"WordCamp","link":"https:\/\/wpmtl.org\/en\/category\/events\/wordcamp\/"},"img":{"alt_text":"","src":"","width":0,"height":0},"classes":[]}],"_links":{"self":[{"href":"https:\/\/wpmtl.org\/en\/wp-json\/wp\/v2\/posts\/3253","targetHints":{"allow":["GET"]}}],"collection":[{"href":"https:\/\/wpmtl.org\/en\/wp-json\/wp\/v2\/posts"}],"about":[{"href":"https:\/\/wpmtl.org\/en\/wp-json\/wp\/v2\/types\/post"}],"author":[{"embeddable":true,"href":"https:\/\/wpmtl.org\/en\/wp-json\/wp\/v2\/users\/19"}],"replies":[{"embeddable":true,"href":"https:\/\/wpmtl.org\/en\/wp-json\/wp\/v2\/comments?post=3253"}],"version-history":[{"count":1,"href":"https:\/\/wpmtl.org\/en\/wp-json\/wp\/v2\/posts\/3253\/revisions"}],"predecessor-version":[{"id":3672,"href":"https:\/\/wpmtl.org\/en\/wp-json\/wp\/v2\/posts\/3253\/revisions\/3672"}],"wp:attachment":[{"href":"https:\/\/wpmtl.org\/en\/wp-json\/wp\/v2\/media?parent=3253"}],"wp:term":[{"taxonomy":"category","embeddable":true,"href":"https:\/\/wpmtl.org\/en\/wp-json\/wp\/v2\/categories?post=3253"},{"taxonomy":"post_tag","embeddable":true,"href":"https:\/\/wpmtl.org\/en\/wp-json\/wp\/v2\/tags?post=3253"}],"curies":[{"name":"wp","href":"https:\/\/api.w.org\/{rel}","templated":true}]}}