{"id":3557,"date":"2016-12-28T17:31:05","date_gmt":"2016-12-28T22:31:05","guid":{"rendered":"http:\/\/wpmtl.org\/?p=3557"},"modified":"2024-06-20T22:54:02","modified_gmt":"2024-06-21T02:54:02","slug":"nouvelles-organisatrices","status":"publish","type":"post","link":"https:\/\/wpmtl.org\/en\/2016\/12\/28\/nouvelles-organisatrices\/","title":{"rendered":"Rencontrez nos nouvelles organisatrices ! | Meet Our New Organizers!"},"content":{"rendered":"<p><em><a href=\"https:\/\/wpmtl.org\/2016\/12\/28\/nouvelles-organisatrices\/#organizer-en\">English below<\/a><\/em><\/p>\n<p>En 2016, Shannon Smith a pris sa retraite de l&#8217;\u00e9quipe organisatrice de WordCamp et de la communaut\u00e9 WordPress de Montr\u00e9al. Elle y \u00e9tait depuis plusieurs ann\u00e9es et nous lui sommes tr\u00e8s reconaissants et reconnaissantes pour son d\u00e9vouement.<\/p>\n<p>Pour reb\u00e2tir les troupes, nous avons recrut\u00e9s deux nouvelles organisatrices, Jennifer Dor\u00e9-Dallas et \u00c9lise Desaulniers. Rencontrez-les!<\/p>\n<h2><\/h2>\n<h1>\u00c9lise Desaulniers<\/h1>\n<p><a href=\"https:\/\/i0.wp.com\/wpmtl.org\/wp-content\/uploads\/2016\/12\/hnjjAAAq.jpg?ssl=1\"><img data-recalc-dims=\"1\" loading=\"lazy\" decoding=\"async\" class=\"size-medium wp-image-3559 alignleft\" src=\"https:\/\/i0.wp.com\/wpmtl.org\/wp-content\/uploads\/2016\/12\/hnjjAAAq-300x300.jpg?resize=300%2C300&#038;ssl=1\" alt=\"Elise Desaulniers\" width=\"300\" height=\"300\" \/><\/a><\/p>\n<p>Je suis associ\u00e9e chez <a href=\"https:\/\/desaulniers-simard.com\/en\/\">Desaulniers Simard<\/a>, une petite bo\u00eete de conseil, de formation et de d\u00e9veloppement Web. Je suis \u00e9galement auteure de trois essais sur les questions \u00e9thiques li\u00e9es \u00e0 l&#8217;alimentation et nos obligations morales envers les animaux. J&#8217;interviens dans les m\u00e9dias, je donne des conf\u00e9rences et je passe beaucoup de temps \u00e0 compter mes likes sur Instagram.<\/p>\n<p>&nbsp;<\/p>\n<h2>Comment avez-vous d\u00e9couvert WordPress?<\/h2>\n<p>J&#8217;ai d\u00e9couvert WordPress en 2008. J&#8217;avais envie d&#8217;\u00e9crire, un ami m&#8217;a parl\u00e9 de WordPress et quelques heures plus tard, j&#8217;avais un blog sur WordPress.com (qui est toujours en vie!). J&#8217;ai d\u00e9couvert la communaut\u00e9 WPMTL via le WordCamp. La premi\u00e8re fois que j&#8217;ai mis les pieds l\u00e0, je m&#8217;attendais \u00e0 ne rien comprendre et \u00e0 m&#8217;ennuyer. J&#8217;ai \u00e9t\u00e9 surprise de la chaleur de l&#8217;accueil et de voir que m\u00eame une blogueuse comme moi y \u00e9tait \u00e0 sa place.<\/p>\n<h2>Quel est votre souhait pour la communaut\u00e9 WordPress Montr\u00e9al en 2017?<\/h2>\n<p>Qu&#8217;on poursuive nos efforts d&#8217;ouverture, d&#8217;inclusion et de diversification. Les femmes sont maintenant bien pr\u00e9sentes dans la communaut\u00e9. On est un mod\u00e8le ! Il faut maintenant continuer de s&#8217;ouvrir aux personnes de diff\u00e9rents horizons socio-\u00e9conomiques, linguistiques, ethniques, en situation de handicap, etc.<\/p>\n<h1>Jennifer Dor\u00e9-Dallas<\/h1>\n<p><a href=\"https:\/\/i0.wp.com\/wpmtl.org\/wp-content\/uploads\/2016\/12\/Jen-mange-une-sauterelle-Cambodge.jpg?ssl=1\"><img data-recalc-dims=\"1\" loading=\"lazy\" decoding=\"async\" class=\"size-medium wp-image-3558 alignleft\" src=\"https:\/\/i0.wp.com\/wpmtl.org\/wp-content\/uploads\/2016\/12\/Jen-mange-une-sauterelle-Cambodge-266x300.jpg?resize=266%2C300&#038;ssl=1\" alt=\"Jennifer Dor\u00e9-Dallas\" width=\"266\" height=\"300\" \/><\/a><\/p>\n<p>Je suis blogueuse voyage \u00e0 <a href=\"https:\/\/www.moimessouliers.org\/\">moimessouliers.org<\/a> et r\u00e9dactrice pigiste. Je fais \u00e9galement de la r\u00e9vision et de la traduction \u00e0 mon compte et je donne r\u00e9guli\u00e8rement des conf\u00e9rences et des ateliers de formation dans le domaine des technologies, mais aussi du voyage.<\/p>\n<h2>Comment avez-vous d\u00e9couvert WordPress?<\/h2>\n<p>J\u2019ai d\u00e9couvert WordPress par le blogue il y a plusieurs ann\u00e9es, car je cherchais une plateforme plus efficace et un ami m\u2019en a parl\u00e9. Depuis, je suis addict! Je ne connaissais pas la communaut\u00e9 jusqu\u2019\u00e0 ce qu\u2019une amie suisse me parle du WordCamp chez elle et que je me dise, hum, il y a \u00e7a \u00e0 Montr\u00e9al? <em>The rest is history<\/em>, comme ils disent. \ud83d\ude42<\/p>\n<h2>Quel est votre souhait pour la communaut\u00e9 WordPress Montr\u00e9al en 2017?<\/h2>\n<p>J\u2019aimerais surtout que plus d&#8217;apprentis geeks comme moi se joignent \u00e0 nous et s\u2019y sentent \u00e0 l\u2019aise. Je suis plut\u00f4t du c\u00f4t\u00e9 interface et je code \u00e0 peine, mais j\u2019ai tout de suite ressenti que j\u2019\u00e9tais la bienvenue. La gang est vraiment sans jugement, tout le monde peut apporter quelque chose \u00e0 la discussion, peu importe son niveau et son exp\u00e9rience de vie. C\u2019est ce que je voudrais que plus de gens retiennent, qu\u2019ils ne soient pas intimid\u00e9s.<\/p>\n<hr id=\"organizer-en\" \/>\n<p>In 2016, we said goodbye to Shannon Smith, who had been a key member of the WordCamp Montreal and WordPress community organizing team. She &#8220;retired&#8221; after several years and we are so grateful for her dedicated service.<\/p>\n<p>To rebuild our team, we invited two new organizers to join the ranks: Jennifer Dor\u00e9-Dallas and \u00c9lise Desaulniers.\u00a0Keep reading to meet them!<\/p>\n<h2><\/h2>\n<h1>\u00c9lise Desaulniers<\/h1>\n<p><a href=\"https:\/\/i0.wp.com\/wpmtl.org\/wp-content\/uploads\/2016\/12\/hnjjAAAq.jpg?ssl=1\"><img data-recalc-dims=\"1\" loading=\"lazy\" decoding=\"async\" class=\"size-medium wp-image-3559 alignleft\" src=\"https:\/\/i0.wp.com\/wpmtl.org\/wp-content\/uploads\/2016\/12\/hnjjAAAq-300x300.jpg?resize=300%2C300&#038;ssl=1\" alt=\"Elise Desaulniers\" width=\"300\" height=\"300\" \/><\/a><\/p>\n<p>I&#8217;m a partner at\u00a0<a href=\"https:\/\/desaulniers-simard.com\/en\/\">Desaulniers Simard<\/a>, a small consulting, training, and web development agency. I&#8217;ve also penned three essays on the ethics of food and our moral responsibility towards animals. I speak to the media, present at conferences, and spend a lot of time tracking my likes on Instagram.<\/p>\n<h2>How did you first hear about WordPress?<\/h2>\n<p>I discovered WordPress in 2008. I wanted to write and a friend told me about WordPress. A few hours later, I had my own blog on WordPress.com (that is still going strong!). I found out about the WordPress Montr\u00e9al community through WordCamp. The first time I went, I thought I wouldn&#8217;t understand anything and be bored. To my surprise, I was so warmly welcomed and discovered that I was in the right place as a blogger.<\/p>\n<h2>What is your wish for the WordPress Montr\u00e9al community in 2017?<\/h2>\n<p>I want us to keep pursuing openness, inclusion, and diversity. Women now hold an important place in the community. We&#8217;re an example to others! Now we can keep working on reaching people from different socio-economic, linguistic, and ethnic makeups and level of ability.<\/p>\n<h1>Jennifer Dor\u00e9-Dallas<\/h1>\n<p><a href=\"https:\/\/i0.wp.com\/wpmtl.org\/wp-content\/uploads\/2016\/12\/Jen-mange-une-sauterelle-Cambodge.jpg?ssl=1\"><img data-recalc-dims=\"1\" loading=\"lazy\" decoding=\"async\" class=\"size-medium wp-image-3558 alignleft\" src=\"https:\/\/i0.wp.com\/wpmtl.org\/wp-content\/uploads\/2016\/12\/Jen-mange-une-sauterelle-Cambodge-266x300.jpg?resize=266%2C300&#038;ssl=1\" alt=\"Jennifer Dor\u00e9-Dallas\" width=\"266\" height=\"300\" \/><\/a><\/p>\n<p>I&#8217;m a travel blogger at\u00a0<a href=\"https:\/\/www.moimessouliers.org\/\">moimessouliers.org<\/a>\u00a0and a freelance writer. I&#8217;m also a self-employed copywriter and translator. I give presentations and trainings on technology and travel.<\/p>\n<p>&nbsp;<\/p>\n<p>&nbsp;<\/p>\n<p>&nbsp;<\/p>\n<p>&nbsp;<\/p>\n<h2>How did you first hear about WordPress?<\/h2>\n<p>I discovered WordPress through blogging several years ago. I was looking for a more efficient platform and a friend recommended it to me. I&#8217;ve been hooked ever since. I didn&#8217;t know about the community until a Swiss friend told me about her WordCamp and I thought &#8220;wait, we have that here too?&#8221;\u00a0<em>The rest is history<\/em>, as they say. \ud83d\ude42<\/p>\n<h2>What is your wish for the WordPress Montr\u00e9al community in 2017?<\/h2>\n<p>Above all, I want geeks-in-training to join us and feel comfortable. I&#8217;m more at ease as a user and can barely code, but I felt very welcome. The group is super non-judgemental and everyone can bring something to the discussion, no matter their skill level or life experience. That&#8217;s what I want people to remember and for them not to feel intimidated.<\/p>\n","protected":false},"excerpt":{"rendered":"<p>English below En 2016, Shannon Smith a pris sa retraite de l&#8217;\u00e9quipe organisatrice de WordCamp et de la communaut\u00e9 WordPress de Montr\u00e9al. Elle y \u00e9tait depuis plusieurs ann\u00e9es et nous lui sommes tr\u00e8s reconaissants et reconnaissantes pour son d\u00e9vouement. Pour reb\u00e2tir les troupes, nous avons recrut\u00e9s deux nouvelles organisatrices, Jennifer Dor\u00e9-Dallas et \u00c9lise Desaulniers. Rencontrez-les! \u00c9lise Desaulniers Je suis associ\u00e9e chez Desaulniers Simard, une petite &hellip; <a href=\"https:\/\/wpmtl.org\/en\/2016\/12\/28\/nouvelles-organisatrices\/\" class=\"more-link\">Continue reading <span class=\"screen-reader-text\">Rencontrez nos nouvelles organisatrices ! | Meet Our New Organizers!<\/span><\/a><\/p>\n","protected":false},"author":20,"featured_media":3571,"comment_status":"open","ping_status":"open","sticky":false,"template":"","format":"standard","meta":{"jetpack_post_was_ever_published":false,"_jetpack_newsletter_access":"","_jetpack_dont_email_post_to_subs":false,"_jetpack_newsletter_tier_id":0,"_jetpack_memberships_contains_paywalled_content":false,"_jetpack_memberships_contains_paid_content":false,"footnotes":"","jetpack_publicize_message":"","jetpack_publicize_feature_enabled":true,"jetpack_social_post_already_shared":true,"jetpack_social_options":{"image_generator_settings":{"template":"highway","default_image_id":0,"font":"","enabled":false},"version":2}},"categories":[19],"tags":[89,90,91,92],"class_list":["post-3557","post","type-post","status-publish","format-standard","has-post-thumbnail","hentry","category-announcements","tag-organisation","tag-organisatrices","tag-organization","tag-wordpress-montreal"],"jetpack_publicize_connections":[],"jetpack_featured_media_url":"","jetpack_sharing_enabled":true,"jetpack_shortlink":"https:\/\/wp.me\/p9prEZ-Vn","jetpack_likes_enabled":true,"jetpack-related-posts":[{"id":4088,"url":"https:\/\/wpmtl.org\/2016\/12\/28\/nouvelles-organisatrices\/","url_meta":{"origin":3557,"position":0},"title":"Rencontrez nos nouvelles organisatrices ! | Meet Our New Organizers!","author":"Andrea Zoellner","date":"28 December, 2016","format":false,"excerpt":"English below En 2016, Shannon Smith a pris sa retraite de l'\u00e9quipe organisatrice de WordCamp et de la communaut\u00e9 WordPress de Montr\u00e9al. Elle y \u00e9tait depuis plusieurs ann\u00e9es et nous lui sommes tr\u00e8s reconaissants et reconnaissantes pour son d\u00e9vouement. Pour reb\u00e2tir les troupes, nous avons recrut\u00e9s deux nouvelles organisatrices, Jennifer\u2026","rel":"","context":"In &quot;Annonces&quot;","block_context":{"text":"Annonces","link":"https:\/\/wpmtl.org\/category\/annonces\/"},"img":{"alt_text":"Elise Desaulniers","src":"https:\/\/i0.wp.com\/wpmtl.org\/wp-content\/uploads\/2016\/12\/hnjjAAAq-300x300.jpg?resize=350%2C200&ssl=1","width":350,"height":200},"classes":[]},{"id":3572,"url":"https:\/\/wpmtl.org\/en\/2017\/01\/02\/bonne-annee-happy-new-year\/","url_meta":{"origin":3557,"position":1},"title":"Bonne ann\u00e9e ! | Happy New Year !","author":"Andrea Zoellner","date":"2 January, 2017","format":false,"excerpt":"English below Bonne ann\u00e9e de la part de la communaut\u00e9 WordPress Montr\u00e9al ! Le 7 d\u00e9cembre dernier, la communaut\u00e9 WordPress Montr\u00e9al s\u2019est r\u00e9unie pour notre dernier \u00e9v\u00e9nement de 2016 : notre party des f\u00eates annuel ! Une vingtaine de personnes se sont r\u00e9unies au Ping Pong Club sur le Plateau\u2026","rel":"","context":"In &quot;Announcements&quot;","block_context":{"text":"Announcements","link":"https:\/\/wpmtl.org\/en\/category\/announcements\/"},"img":{"alt_text":"Holiday party 2016","src":"https:\/\/i0.wp.com\/wpmtl.org\/wp-content\/uploads\/2016\/12\/Photo-1-1024x766.jpg?resize=350%2C200&ssl=1","width":350,"height":200,"srcset":"https:\/\/i0.wp.com\/wpmtl.org\/wp-content\/uploads\/2016\/12\/Photo-1-1024x766.jpg?resize=350%2C200&ssl=1 1x, https:\/\/i0.wp.com\/wpmtl.org\/wp-content\/uploads\/2016\/12\/Photo-1-1024x766.jpg?resize=525%2C300&ssl=1 1.5x"},"classes":[]},{"id":4087,"url":"https:\/\/wpmtl.org\/2017\/01\/02\/bonne-annee-happy-new-year\/","url_meta":{"origin":3557,"position":2},"title":"Bonne ann\u00e9e ! | Happy New Year !","author":"Andrea Zoellner","date":"2 January, 2017","format":false,"excerpt":"English below Bonne ann\u00e9e de la part de la communaut\u00e9 WordPress Montr\u00e9al ! Le 7 d\u00e9cembre dernier, la communaut\u00e9 WordPress Montr\u00e9al s\u2019est r\u00e9unie pour notre dernier \u00e9v\u00e9nement de 2016 : notre party des f\u00eates annuel ! Une vingtaine de personnes se sont r\u00e9unies au Ping Pong Club sur le Plateau\u2026","rel":"","context":"In &quot;Annonces&quot;","block_context":{"text":"Annonces","link":"https:\/\/wpmtl.org\/category\/annonces\/"},"img":{"alt_text":"Holiday party 2016","src":"https:\/\/i0.wp.com\/wpmtl.org\/wp-content\/uploads\/2016\/12\/Photo-1-1024x766.jpg?resize=350%2C200&ssl=1","width":350,"height":200,"srcset":"https:\/\/i0.wp.com\/wpmtl.org\/wp-content\/uploads\/2016\/12\/Photo-1-1024x766.jpg?resize=350%2C200&ssl=1 1x, https:\/\/i0.wp.com\/wpmtl.org\/wp-content\/uploads\/2016\/12\/Photo-1-1024x766.jpg?resize=525%2C300&ssl=1 1.5x"},"classes":[]},{"id":2975,"url":"https:\/\/wpmtl.org\/en\/2015\/01\/13\/business-of-wordpress\/","url_meta":{"origin":3557,"position":3},"title":"January 27: The Business of WordPress Panel &#038;  WordCamp Update","author":"Kathryn Presner","date":"13 January, 2015","format":false,"excerpt":"Fran\u00e7ais ci-dessous. It's time for our first event of 2015! The Business of WordPress Panel Discussion \u2013 Many of us run our own small businesses or do freelance design and development work. Our panel will share tips, gotchas, and advice on the business side of WordPress: from pricing and proposals,\u2026","rel":"","context":"In &quot;Community Meetups&quot;","block_context":{"text":"Community Meetups","link":"https:\/\/wpmtl.org\/en\/category\/events\/meetups\/"},"img":{"alt_text":"","src":"https:\/\/i0.wp.com\/wpmtl.org\/wp-content\/uploads\/2015\/01\/biz-panel.jpg?fit=803%2C387&ssl=1&resize=350%2C200","width":350,"height":200,"srcset":"https:\/\/i0.wp.com\/wpmtl.org\/wp-content\/uploads\/2015\/01\/biz-panel.jpg?fit=803%2C387&ssl=1&resize=350%2C200 1x, https:\/\/i0.wp.com\/wpmtl.org\/wp-content\/uploads\/2015\/01\/biz-panel.jpg?fit=803%2C387&ssl=1&resize=525%2C300 1.5x, https:\/\/i0.wp.com\/wpmtl.org\/wp-content\/uploads\/2015\/01\/biz-panel.jpg?fit=803%2C387&ssl=1&resize=700%2C400 2x"},"classes":[]},{"id":4154,"url":"https:\/\/wpmtl.org\/2015\/01\/13\/business-of-wordpress\/","url_meta":{"origin":3557,"position":4},"title":"January 27: The Business of WordPress Panel &#038;  WordCamp Update","author":"Kathryn Presner","date":"13 January, 2015","format":false,"excerpt":"Fran\u00e7ais ci-dessous. It's time for our first event of 2015! The Business of WordPress Panel Discussion \u2013 Many of us run our own small businesses or do freelance design and development work. Our panel will share tips, gotchas, and advice on the business side of WordPress: from pricing and proposals,\u2026","rel":"","context":"In &quot;Meetup communautaires&quot;","block_context":{"text":"Meetup communautaires","link":"https:\/\/wpmtl.org\/category\/evenements\/meetup-communautaires\/"},"img":{"alt_text":"","src":"https:\/\/i0.wp.com\/wpmtl.org\/wp-content\/uploads\/2015\/01\/biz-panel.jpg?fit=803%2C387&ssl=1&resize=350%2C200","width":350,"height":200,"srcset":"https:\/\/i0.wp.com\/wpmtl.org\/wp-content\/uploads\/2015\/01\/biz-panel.jpg?fit=803%2C387&ssl=1&resize=350%2C200 1x, https:\/\/i0.wp.com\/wpmtl.org\/wp-content\/uploads\/2015\/01\/biz-panel.jpg?fit=803%2C387&ssl=1&resize=525%2C300 1.5x, https:\/\/i0.wp.com\/wpmtl.org\/wp-content\/uploads\/2015\/01\/biz-panel.jpg?fit=803%2C387&ssl=1&resize=700%2C400 2x"},"classes":[]},{"id":3066,"url":"https:\/\/wpmtl.org\/en\/2015\/04\/29\/multilingue\/","url_meta":{"origin":3557,"position":5},"title":"le 19 mai: Contenu multilingue et WordPress","author":"Kathryn Presner","date":"29 April, 2015","format":false,"excerpt":"English text below En 2013, le grand d\u00e9bat qui devait enfin tout r\u00e9gler n\u2019avait \u00e9videmment rien r\u00e9gl\u00e9. Si on nous donnait un dollar chaque fois que quelqu\u2019un demande quel plugin utiliser pour le multilingue, on pourrait s\u00fbrement payer la bi\u00e8re \u00e0 tout le monde qui sera pr\u00e9sent \u00e0 cette pr\u00e9sentation.\u2026","rel":"","context":"In &quot;Community Meetups&quot;","block_context":{"text":"Community Meetups","link":"https:\/\/wpmtl.org\/en\/category\/events\/meetups\/"},"img":{"alt_text":"Register for Event","src":"https:\/\/i0.wp.com\/guestlist.co\/images\/embed\/register.png?resize=350%2C200&ssl=1","width":350,"height":200},"classes":[]}],"_links":{"self":[{"href":"https:\/\/wpmtl.org\/en\/wp-json\/wp\/v2\/posts\/3557","targetHints":{"allow":["GET"]}}],"collection":[{"href":"https:\/\/wpmtl.org\/en\/wp-json\/wp\/v2\/posts"}],"about":[{"href":"https:\/\/wpmtl.org\/en\/wp-json\/wp\/v2\/types\/post"}],"author":[{"embeddable":true,"href":"https:\/\/wpmtl.org\/en\/wp-json\/wp\/v2\/users\/20"}],"replies":[{"embeddable":true,"href":"https:\/\/wpmtl.org\/en\/wp-json\/wp\/v2\/comments?post=3557"}],"version-history":[{"count":6,"href":"https:\/\/wpmtl.org\/en\/wp-json\/wp\/v2\/posts\/3557\/revisions"}],"predecessor-version":[{"id":8482,"href":"https:\/\/wpmtl.org\/en\/wp-json\/wp\/v2\/posts\/3557\/revisions\/8482"}],"wp:featuredmedia":[{"embeddable":true,"href":"https:\/\/wpmtl.org\/en\/wp-json\/"}],"wp:attachment":[{"href":"https:\/\/wpmtl.org\/en\/wp-json\/wp\/v2\/media?parent=3557"}],"wp:term":[{"taxonomy":"category","embeddable":true,"href":"https:\/\/wpmtl.org\/en\/wp-json\/wp\/v2\/categories?post=3557"},{"taxonomy":"post_tag","embeddable":true,"href":"https:\/\/wpmtl.org\/en\/wp-json\/wp\/v2\/tags?post=3557"}],"curies":[{"name":"wp","href":"https:\/\/api.w.org\/{rel}","templated":true}]}}