{"id":3760,"date":"2017-05-15T19:27:38","date_gmt":"2017-05-15T23:27:38","guid":{"rendered":"http:\/\/wpmtl.org\/?p=3628"},"modified":"2024-06-20T22:54:10","modified_gmt":"2024-06-21T02:54:10","slug":"wordcamp-montreal-2017","status":"publish","type":"post","link":"https:\/\/wpmtl.org\/en\/2017\/05\/15\/wordcamp-montreal-2017\/","title":{"rendered":"WordCamp Montr\u00e9al 2017"},"content":{"rendered":"<p><em>English follows<\/em><\/p>\n<p>Il est de retour et (tr\u00e8s probablement) meilleur que jamais!<\/p>\n<p>Pr\u00e9parez-vous pour WordCamp Montr\u00e9al 2017, la 9e \u00e9dition de la seule conf\u00e9rence enti\u00e8rement d\u00e9di\u00e9e \u00e0 WordPress en ville. Les blogueurs, conceptrices, propri\u00e9taires d&#8217;entreprises, d\u00e9veloppeuses et toute personne qui travaille dans le Web peuvent apprendre (et partager) quelque chose \u00e0 WordCamp.<\/p>\n<p>WordCamp Montr\u00e9al se tiendra les 12 et 13 ao\u00fbt \u00e0 la John Molson School of Business. Les <strong><a href=\"https:\/\/montreal.wordcamp.org\/2017\/tickets\/\" target=\"_blank\" rel=\"noopener noreferrer\">billets sont maintenant en vente<\/a> <\/strong>au co\u00fbt de 50 $ pour tout le week-end.<\/p>\n<p>Vous aimeriez faire partie des conf\u00e9renci\u00e8res et conf\u00e9renciers WordCamp? Soumettez une pr\u00e9sentation de sujet pour une intervention de 10 minutes, une pr\u00e9sentation de 45 minutes ou envoyez-nous une id\u00e9e d&#8217;atelier relative \u00e0 WordPress. Du m\u00eame coup, vous partagerez votre passion, montrerez vos talents \u00e0 de futurs employeurs et transmettrez vos savoirs WordPress aux participant.e.s. Les conf\u00e9renci\u00e8res et conf\u00e9renciers ont \u00e9galement droit une admission gratuite \u00e0 WordCamp. La date limite pour pr\u00e9senter votre candidature est le dimanche 4 juin. <strong><a href=\"https:\/\/montreal.wordcamp.org\/2017-fr\/devenez-conferencier\/\" target=\"_blank\" rel=\"noopener noreferrer\">Apprenez-en plus sur la fa\u00e7on de postuler ici.<\/a><\/strong><\/p>\n<p>Saviez-vous que 2017 marque le 50e anniversaire de l&#8217;Expo 67? Consultez <a href=\"https:\/\/montreal.wordcamp.org\/2017-fr\/\" target=\"_blank\" rel=\"noopener noreferrer\">le site officiel de WordCamp Montr\u00e9al<\/a> pour voir notre clin d\u2019\u0153il au pass\u00e9! C&#8217;est aussi l\u00e0 o\u00f9 vous trouverez au cours des prochaines semaines les actualit\u00e9s, l\u2019information sur les conf\u00e9renciers et conf\u00e9renci\u00e8res ainsi que le calendrier WordCamp.<\/p>\n<p>J&#8217;esp\u00e8re vous y voir en ao\u00fbt!<\/p>\n<p>PS. N\u2019h\u00e9sitez pas \u00e0 transmettre ce message \u00e0 une connaissance qui souhaiterait peut-\u00eatre pr\u00e9senter ou assister \u00e0 WordCamp!<\/p>\n<hr \/>\n<p>It&#8217;s back and (quite possibly) better than ever!<\/p>\n<p>Get ready for WordCamp Montr\u00e9al 2017, the 9th edition of the only WordPress-specific conference in the city. Bloggers, designers, business owners, developers &#8212; anyone who works with the Web can learn (and share) something at WordCamp.<\/p>\n<p>WordCamp Montr\u00e9al will be on August 12-13 at John Molson School of Business and <strong><a href=\"https:\/\/montreal.wordcamp.org\/2017\/tickets\/\" target=\"_blank\" rel=\"noopener noreferrer\">tickets are now on sale for $50<\/a><\/strong> for the whole weekend.<\/p>\n<p>Want to speak at WordCamp? Submit a pitch for a 10 min talk, a 45 min presentation, or send us a workshop idea related to WordPress. Share your passion, convince people you\u2019re worth hiring and help everyone learn about WordPress, all at the same time. Speakers also receive free admission to WordCamp. Deadline to apply is Sunday, June 4. <strong><a href=\"https:\/\/montreal.wordcamp.org\/2017\/speakers\/be-a-speaker\/\" target=\"_blank\" rel=\"noopener noreferrer\">Find out more about how to apply here.\u00a0<\/a><\/strong><\/p>\n<p>Did you know 2017 is the 50th anniversary of Expo &#8217;67? Check out the official <a href=\"https:\/\/montreal.wordcamp.org\/2017\/\">WordCamp Montr\u00e9al website<\/a> to see our nod to the past! This is also where you can get news and information on the speakers and schedule in the coming weeks.<\/p>\n<p>Hope to see you in August!<\/p>\n<p>PS. Please share this with a friend who might be interested to speak or attend!<\/p>\n","protected":false},"excerpt":{"rendered":"<p>English follows Il est de retour et (tr\u00e8s probablement) meilleur que jamais! Pr\u00e9parez-vous pour WordCamp Montr\u00e9al 2017, la 9e \u00e9dition de la seule conf\u00e9rence enti\u00e8rement d\u00e9di\u00e9e \u00e0 WordPress en ville. Les blogueurs, conceptrices, propri\u00e9taires d&#8217;entreprises, d\u00e9veloppeuses et toute personne qui travaille dans le Web peuvent apprendre (et partager) quelque chose \u00e0 WordCamp. WordCamp Montr\u00e9al se tiendra les 12 et 13 ao\u00fbt \u00e0 la John Molson &hellip; <a href=\"https:\/\/wpmtl.org\/en\/2017\/05\/15\/wordcamp-montreal-2017\/\" class=\"more-link\">Continue reading <span class=\"screen-reader-text\">WordCamp Montr\u00e9al 2017<\/span><\/a><\/p>\n","protected":false},"author":20,"featured_media":0,"comment_status":"open","ping_status":"open","sticky":false,"template":"","format":"standard","meta":{"jetpack_post_was_ever_published":false,"_jetpack_newsletter_access":"","_jetpack_dont_email_post_to_subs":false,"_jetpack_newsletter_tier_id":0,"_jetpack_memberships_contains_paywalled_content":false,"_jetpack_memberships_contains_paid_content":false,"footnotes":"","jetpack_publicize_message":"","jetpack_publicize_feature_enabled":true,"jetpack_social_post_already_shared":true,"jetpack_social_options":{"image_generator_settings":{"template":"highway","default_image_id":0,"font":"","enabled":false},"version":2}},"categories":[23],"tags":[101,105],"class_list":["post-3760","post","type-post","status-publish","format-standard","hentry","category-wordcamp","tag-wordcamp-2017","tag-wordcamp-montreal"],"jetpack_publicize_connections":[],"jetpack_featured_media_url":"","jetpack_sharing_enabled":true,"jetpack_shortlink":"https:\/\/wp.me\/p9prEZ-YE","jetpack_likes_enabled":true,"jetpack-related-posts":[{"id":4082,"url":"https:\/\/wpmtl.org\/2017\/05\/15\/wordcamp-montreal-2017\/","url_meta":{"origin":3760,"position":0},"title":"WordCamp Montr\u00e9al 2017","author":"Andrea Zoellner","date":"15 May, 2017","format":false,"excerpt":"English follows Il est de retour et (tr\u00e8s probablement) meilleur que jamais! Pr\u00e9parez-vous pour WordCamp Montr\u00e9al 2017, la 9e \u00e9dition de la seule conf\u00e9rence enti\u00e8rement d\u00e9di\u00e9e \u00e0 WordPress en ville. Les blogueurs, conceptrices, propri\u00e9taires d'entreprises, d\u00e9veloppeuses et toute personne qui travaille dans le Web peuvent apprendre (et partager) quelque chose\u2026","rel":"","context":"In &quot;WordCamp&quot;","block_context":{"text":"WordCamp","link":"https:\/\/wpmtl.org\/category\/evenements\/wordcamps\/"},"img":{"alt_text":"","src":"","width":0,"height":0},"classes":[]},{"id":4745,"url":"https:\/\/wpmtl.org\/2018\/05\/20\/devenez-conferenciere-er\/","url_meta":{"origin":3760,"position":1},"title":"Devenez conf\u00e9renci\u00e8re\/er!","author":"Meghan Dove","date":"20 May, 2018","format":false,"excerpt":"Le processus d'inscription pour \u00eatre conf\u00e9rencier \u00e0 WordCamp Montr\u00e9al 2018 est maintenant commenc\u00e9 et nous aimerions inviter tous les membres de la communaut\u00e9 de Montr\u00e9al et de WordPress \u00e0 postuler. WordCamp se tiendra les 11 et 12 ao\u00fbt 2018 \u00e0 l'\u00c9cole de commerce John-Molson, au c\u0153ur de Montr\u00e9al. Chaque ann\u00e9e,\u2026","rel":"","context":"In &quot;Annonces&quot;","block_context":{"text":"Annonces","link":"https:\/\/wpmtl.org\/category\/annonces\/"},"img":{"alt_text":"","src":"","width":0,"height":0},"classes":[]},{"id":2783,"url":"https:\/\/wpmtl.org\/en\/2012\/05\/15\/wordcamp-montreal-2012-call-for-speakers-appel-aux-conferenciers\/","url_meta":{"origin":3760,"position":2},"title":"WordCamp Montr\u00e9al 2012 Call for Speakers \/ Appel aux Conf\u00e9renciers","author":"Shannon Smith","date":"15 May, 2012","format":false,"excerpt":"**** En fran\u00e7ais plus bas **** The WordCamp Montreal 2012 call for speakers is officially open! The deadline is June 18. The ideal speaker has a WordPress-related topic they are passionate about and that they can present in 45 minutes with attractive PowerPoint\/Keynote slides and detailed coherent explanations. Designers, Bloggers,\u2026","rel":"","context":"In &quot;Announcements&quot;","block_context":{"text":"Announcements","link":"https:\/\/wpmtl.org\/en\/category\/announcements\/"},"img":{"alt_text":"","src":"","width":0,"height":0},"classes":[]},{"id":4197,"url":"https:\/\/wpmtl.org\/2012\/05\/15\/wordcamp-montreal-2012-call-for-speakers-appel-aux-conferenciers\/","url_meta":{"origin":3760,"position":3},"title":"WordCamp Montr\u00e9al 2012 Call for Speakers \/ Appel aux Conf\u00e9renciers","author":"Shannon Smith","date":"15 May, 2012","format":false,"excerpt":"**** En fran\u00e7ais plus bas **** The WordCamp Montreal 2012 call for speakers is officially open! The deadline is June 18. The ideal speaker has a WordPress-related topic they are passionate about and that they can present in 45 minutes with attractive PowerPoint\/Keynote slides and detailed coherent explanations. Designers, Bloggers,\u2026","rel":"","context":"In &quot;Annonces&quot;","block_context":{"text":"Annonces","link":"https:\/\/wpmtl.org\/category\/annonces\/"},"img":{"alt_text":"","src":"","width":0,"height":0},"classes":[]},{"id":3313,"url":"https:\/\/wpmtl.org\/en\/2016\/05\/27\/wordcamp-montreal-2016\/","url_meta":{"origin":3760,"position":4},"title":"WordCamp Montr\u00e9al 2016","author":"Andrea Zoellner","date":"27 May, 2016","format":false,"excerpt":"Le fran\u00e7ais se trouve ci-dessous Did you hear? WordCamp Montr\u00e9al is gearing up for another exciting edition July 23-24 in downtown Montr\u00e9al. As always, you can look forward to an engaging and diverse lineup of talks as well as several hands-on workshops.\u00a0 Our website is live with all the information\u2026","rel":"","context":"In &quot;Events&quot;","block_context":{"text":"Events","link":"https:\/\/wpmtl.org\/en\/category\/events\/"},"img":{"alt_text":"","src":"https:\/\/i0.wp.com\/wpmtl.org\/wp-content\/uploads\/2016\/05\/WPMTL2013_026_LR-crop1.jpg?fit=893%2C438&ssl=1&resize=350%2C200","width":350,"height":200,"srcset":"https:\/\/i0.wp.com\/wpmtl.org\/wp-content\/uploads\/2016\/05\/WPMTL2013_026_LR-crop1.jpg?fit=893%2C438&ssl=1&resize=350%2C200 1x, https:\/\/i0.wp.com\/wpmtl.org\/wp-content\/uploads\/2016\/05\/WPMTL2013_026_LR-crop1.jpg?fit=893%2C438&ssl=1&resize=525%2C300 1.5x, https:\/\/i0.wp.com\/wpmtl.org\/wp-content\/uploads\/2016\/05\/WPMTL2013_026_LR-crop1.jpg?fit=893%2C438&ssl=1&resize=700%2C400 2x"},"classes":[]},{"id":4117,"url":"https:\/\/wpmtl.org\/2016\/05\/27\/wordcamp-montreal-2016\/","url_meta":{"origin":3760,"position":5},"title":"WordCamp Montr\u00e9al 2016","author":"Andrea Zoellner","date":"27 May, 2016","format":false,"excerpt":"Le fran\u00e7ais se trouve ci-dessous Did you hear? WordCamp Montr\u00e9al is gearing up for another exciting edition July 23-24 in downtown Montr\u00e9al. As always, you can look forward to an engaging and diverse lineup of talks as well as several hands-on workshops.\u00a0 Our website is live with all the information\u2026","rel":"","context":"In &quot;\u00c9v\u00e9nements&quot;","block_context":{"text":"\u00c9v\u00e9nements","link":"https:\/\/wpmtl.org\/category\/evenements\/"},"img":{"alt_text":"","src":"https:\/\/i0.wp.com\/wpmtl.org\/wp-content\/uploads\/2016\/05\/WPMTL2013_026_LR-crop1.jpg?fit=893%2C438&ssl=1&resize=350%2C200","width":350,"height":200,"srcset":"https:\/\/i0.wp.com\/wpmtl.org\/wp-content\/uploads\/2016\/05\/WPMTL2013_026_LR-crop1.jpg?fit=893%2C438&ssl=1&resize=350%2C200 1x, https:\/\/i0.wp.com\/wpmtl.org\/wp-content\/uploads\/2016\/05\/WPMTL2013_026_LR-crop1.jpg?fit=893%2C438&ssl=1&resize=525%2C300 1.5x, https:\/\/i0.wp.com\/wpmtl.org\/wp-content\/uploads\/2016\/05\/WPMTL2013_026_LR-crop1.jpg?fit=893%2C438&ssl=1&resize=700%2C400 2x"},"classes":[]}],"_links":{"self":[{"href":"https:\/\/wpmtl.org\/en\/wp-json\/wp\/v2\/posts\/3760","targetHints":{"allow":["GET"]}}],"collection":[{"href":"https:\/\/wpmtl.org\/en\/wp-json\/wp\/v2\/posts"}],"about":[{"href":"https:\/\/wpmtl.org\/en\/wp-json\/wp\/v2\/types\/post"}],"author":[{"embeddable":true,"href":"https:\/\/wpmtl.org\/en\/wp-json\/wp\/v2\/users\/20"}],"replies":[{"embeddable":true,"href":"https:\/\/wpmtl.org\/en\/wp-json\/wp\/v2\/comments?post=3760"}],"version-history":[{"count":7,"href":"https:\/\/wpmtl.org\/en\/wp-json\/wp\/v2\/posts\/3760\/revisions"}],"predecessor-version":[{"id":8556,"href":"https:\/\/wpmtl.org\/en\/wp-json\/wp\/v2\/posts\/3760\/revisions\/8556"}],"wp:attachment":[{"href":"https:\/\/wpmtl.org\/en\/wp-json\/wp\/v2\/media?parent=3760"}],"wp:term":[{"taxonomy":"category","embeddable":true,"href":"https:\/\/wpmtl.org\/en\/wp-json\/wp\/v2\/categories?post=3760"},{"taxonomy":"post_tag","embeddable":true,"href":"https:\/\/wpmtl.org\/en\/wp-json\/wp\/v2\/tags?post=3760"}],"curies":[{"name":"wp","href":"https:\/\/api.w.org\/{rel}","templated":true}]}}